{"id":355,"date":"2026-04-26T19:44:03","date_gmt":"2026-04-26T22:44:03","guid":{"rendered":"https:\/\/fbpsantafe.com.ar\/?p=355"},"modified":"2026-04-26T19:44:03","modified_gmt":"2026-04-26T22:44:03","slug":"la-asociacion-santafesina-tercera-en-el-interasociaciones-de-juveniles-femenino","status":"publish","type":"post","link":"https:\/\/fbpsantafe.com.ar\/?p=355","title":{"rendered":"La Asociaci\u00f3n Santafesina tercera en el Interasociaciones de Juveniles Femenino"},"content":{"rendered":"\n<p>Este domingo por la tarde la Selecci\u00f3n Juvenil Femenino de la Asociaci\u00f3n Santafesina de B\u00e1squetbol se consagr\u00f3 en el tercer lugar del certamen provincial interasociativo al vencer al combinado de la Asociaci\u00f3n Ca\u00f1adense por 54 a 47<\/p>\n\n\n\n<p>El encuentro se desarroll\u00f3 en el estadio Mateo Migliore del club Centenario de Venado Tuerto <\/p>\n\n\n\n<p>El conjunto santafesino lleg\u00f3 a este compromiso tras caer en semifinales frente a la Asociaci\u00f3n Rosarina por 75 &#8211; 70, mientras que Ca\u00f1adense ven\u00eda de ser superado por la Asociaci\u00f3n Rafaelina por 50 &#8211; 39.<\/p>\n\n\n<div class=\"wp-block-image\">\n<figure class=\"aligncenter size-large is-resized\"><img loading=\"lazy\" decoding=\"async\" width=\"768\" height=\"1024\" src=\"https:\/\/fbpsantafe.com.ar\/wp-content\/uploads\/2026\/04\/WhatsApp-Image-2026-04-26-at-17.46.58-768x1024.jpeg\" alt=\"\" class=\"wp-image-357\" style=\"width:840px;height:auto\" srcset=\"https:\/\/fbpsantafe.com.ar\/wp-content\/uploads\/2026\/04\/WhatsApp-Image-2026-04-26-at-17.46.58-768x1024.jpeg 768w, https:\/\/fbpsantafe.com.ar\/wp-content\/uploads\/2026\/04\/WhatsApp-Image-2026-04-26-at-17.46.58-225x300.jpeg 225w, https:\/\/fbpsantafe.com.ar\/wp-content\/uploads\/2026\/04\/WhatsApp-Image-2026-04-26-at-17.46.58.jpeg 960w\" sizes=\"auto, (max-width: 768px) 100vw, 768px\" \/><figcaption class=\"wp-element-caption\">Mar\u00eda Eugenia Freyre capitana de las santafesinas recibi\u00f3 la copa de Diego Pucciarelli Vice 1\u00b0 FBPSF y de Diego Tome Presidente AVB <\/figcaption><\/figure>\n<\/div>\n\n\n<figure class=\"wp-block-image size-large\"><img loading=\"lazy\" decoding=\"async\" width=\"1024\" height=\"770\" src=\"https:\/\/fbpsantafe.com.ar\/wp-content\/uploads\/2026\/04\/WhatsApp-Image-2026-04-26-at-16.08.33-1024x770.jpeg\" alt=\"\" class=\"wp-image-360\" srcset=\"https:\/\/fbpsantafe.com.ar\/wp-content\/uploads\/2026\/04\/WhatsApp-Image-2026-04-26-at-16.08.33-1024x770.jpeg 1024w, https:\/\/fbpsantafe.com.ar\/wp-content\/uploads\/2026\/04\/WhatsApp-Image-2026-04-26-at-16.08.33-300x226.jpeg 300w, https:\/\/fbpsantafe.com.ar\/wp-content\/uploads\/2026\/04\/WhatsApp-Image-2026-04-26-at-16.08.33-768x578.jpeg 768w, https:\/\/fbpsantafe.com.ar\/wp-content\/uploads\/2026\/04\/WhatsApp-Image-2026-04-26-at-16.08.33.jpeg 1280w\" sizes=\"auto, (max-width: 1024px) 100vw, 1024px\" \/><figcaption class=\"wp-element-caption\">Las chicas de la Ca\u00f1adense finalizaron cuartas <\/figcaption><\/figure>\n\n\n\n<h2 class=\"wp-block-heading\">Sexto puesto para Noroeste<\/h2>\n\n\n\n<p>En el inicio de la jornada vespertina celebrada en el Mateo Migliore, la Asociaci\u00f3n Civil del Noroeste Santafesino venci\u00f3 a la Asociaci\u00f3n Venadense por 60 a 28 y finaliz\u00f3 en la quinta colocaci\u00f3n. Las locales culminaron en la sexta y \u00faltima ubicaci\u00f3n.<\/p>\n\n\n\n<figure class=\"wp-block-image size-full is-resized\"><img loading=\"lazy\" decoding=\"async\" width=\"720\" height=\"606\" src=\"https:\/\/fbpsantafe.com.ar\/wp-content\/uploads\/2026\/04\/WhatsApp-Image-2026-04-26-at-19.27.14-1.jpeg\" alt=\"\" class=\"wp-image-359\" style=\"width:840px;height:auto\" srcset=\"https:\/\/fbpsantafe.com.ar\/wp-content\/uploads\/2026\/04\/WhatsApp-Image-2026-04-26-at-19.27.14-1.jpeg 720w, https:\/\/fbpsantafe.com.ar\/wp-content\/uploads\/2026\/04\/WhatsApp-Image-2026-04-26-at-19.27.14-1-300x253.jpeg 300w\" sizes=\"auto, (max-width: 720px) 100vw, 720px\" \/><figcaption class=\"wp-element-caption\">El equipo juvenil del Noroeste Santafesino <\/figcaption><\/figure>\n\n\n\n<p><\/p>\n","protected":false},"excerpt":{"rendered":"<p>Este domingo por la tarde la Selecci\u00f3n Juvenil Femenino de la Asociaci\u00f3n Santafesina de B\u00e1squetbol se consagr\u00f3 en el tercer lugar del certamen provincial interasociativo al vencer al combinado de la Asociaci\u00f3n Ca\u00f1adense por 54 a 47 El encuentro se desarroll\u00f3 en el estadio Mateo Migliore del club Centenario de Venado Tuerto El conjunto santafesino [&hellip;]<\/p>\n","protected":false},"author":1,"featured_media":356,"comment_status":"open","ping_status":"open","sticky":false,"template":"","format":"standard","meta":{"pagelayer_contact_templates":[],"_pagelayer_content":"","footnotes":""},"categories":[11],"tags":[8,10,24,23],"class_list":["post-355","post","type-post","status-publish","format-standard","has-post-thumbnail","hentry","category-interasociaciones","tag-femenino","tag-juveniles","tag-noroeste","tag-santafesina"],"_links":{"self":[{"href":"https:\/\/fbpsantafe.com.ar\/index.php?rest_route=\/wp\/v2\/posts\/355","targetHints":{"allow":["GET"]}}],"collection":[{"href":"https:\/\/fbpsantafe.com.ar\/index.php?rest_route=\/wp\/v2\/posts"}],"about":[{"href":"https:\/\/fbpsantafe.com.ar\/index.php?rest_route=\/wp\/v2\/types\/post"}],"author":[{"embeddable":true,"href":"https:\/\/fbpsantafe.com.ar\/index.php?rest_route=\/wp\/v2\/users\/1"}],"replies":[{"embeddable":true,"href":"https:\/\/fbpsantafe.com.ar\/index.php?rest_route=%2Fwp%2Fv2%2Fcomments&post=355"}],"version-history":[{"count":1,"href":"https:\/\/fbpsantafe.com.ar\/index.php?rest_route=\/wp\/v2\/posts\/355\/revisions"}],"predecessor-version":[{"id":361,"href":"https:\/\/fbpsantafe.com.ar\/index.php?rest_route=\/wp\/v2\/posts\/355\/revisions\/361"}],"wp:featuredmedia":[{"embeddable":true,"href":"https:\/\/fbpsantafe.com.ar\/index.php?rest_route=\/wp\/v2\/media\/356"}],"wp:attachment":[{"href":"https:\/\/fbpsantafe.com.ar\/index.php?rest_route=%2Fwp%2Fv2%2Fmedia&parent=355"}],"wp:term":[{"taxonomy":"category","embeddable":true,"href":"https:\/\/fbpsantafe.com.ar\/index.php?rest_route=%2Fwp%2Fv2%2Fcategories&post=355"},{"taxonomy":"post_tag","embeddable":true,"href":"https:\/\/fbpsantafe.com.ar\/index.php?rest_route=%2Fwp%2Fv2%2Ftags&post=355"}],"curies":[{"name":"wp","href":"https:\/\/api.w.org\/{rel}","templated":true}]}}