{"id":362,"date":"2026-04-26T20:37:57","date_gmt":"2026-04-26T23:37:57","guid":{"rendered":"https:\/\/fbpsantafe.com.ar\/?p=362"},"modified":"2026-04-26T20:46:57","modified_gmt":"2026-04-26T23:46:57","slug":"la-rosarina-grito-campeon-provincial-juvenil-femenino","status":"publish","type":"post","link":"https:\/\/fbpsantafe.com.ar\/?p=362","title":{"rendered":"La Rosarina grit\u00f3 campe\u00f3n provincial juvenil femenino"},"content":{"rendered":"\n<p><strong>La Selecci\u00f3n Juvenil Femenina de la Asociaci\u00f3n Rosarina se consagr\u00f3 campeona del Provincial Interasociaciones tras superar en la final a la Asociaci\u00f3n Rafaelina por <\/strong>76 a 42.<\/p>\n\n\n\n<figure class=\"wp-block-image size-large is-resized\"><img loading=\"lazy\" decoding=\"async\" width=\"768\" height=\"1024\" src=\"https:\/\/fbpsantafe.com.ar\/wp-content\/uploads\/2026\/04\/WhatsApp-Image-2026-04-26-at-19.55.57-1-768x1024.jpeg\" alt=\"\" class=\"wp-image-363\" style=\"width:840px;height:auto\" srcset=\"https:\/\/fbpsantafe.com.ar\/wp-content\/uploads\/2026\/04\/WhatsApp-Image-2026-04-26-at-19.55.57-1-768x1024.jpeg 768w, https:\/\/fbpsantafe.com.ar\/wp-content\/uploads\/2026\/04\/WhatsApp-Image-2026-04-26-at-19.55.57-1-225x300.jpeg 225w, https:\/\/fbpsantafe.com.ar\/wp-content\/uploads\/2026\/04\/WhatsApp-Image-2026-04-26-at-19.55.57-1.jpeg 960w\" sizes=\"auto, (max-width: 768px) 100vw, 768px\" \/><figcaption class=\"wp-element-caption\">La capitana Ema Hern\u00e1ndez recibiendo la copa de campe\u00f3n 2026<\/figcaption><\/figure>\n\n\n\n<p>Las rosarinas construyeron el triunfo desde el segundo cuarto en adelante, luego de un inicio favorable para su rival, y terminaron imponiendo condiciones con claridad.<\/p>\n\n\n\n<p><strong>ASOCIACI\u00d3N ROSARINA (76)<\/strong><br>Julieta Escobar 13, Lara Duflos 14, Lourdes Morosin 11, Emma Luz Hern\u00e1ndez 9, Morena Nigro 6, Victoria Rivilli 5, Valentina Castillo 5, Clara Esp\u00edndola 4, Emma G\u00f3mez 4, Paulina Cabral 3, Lupe Dinsmann 2, Miranda Toledo 0.<br>Entrenador: David Della Mora<\/p>\n\n\n\n<p><strong>ASOCIACI\u00d3N RAFAELINA (42)<\/strong><br>Liz Cepeda 13, Ludmila Elizalde 11, Josefina Marengo 8, Sof\u00eda Baccile Miretti 4, Pilar Benizio 2, Paloma Batiston 2, Paulina Villarruel 2, Irina Porta 0, Juliana Tosello 0, Sol Villalba 0, Catalina Bulacio 0, Giulia Bortolotti 0.<br>Entrenador: Nicol\u00e1s Schierano<\/p>\n\n\n\n<p>Parciales: 19-20, 20-8, 17-8, 20-6<br>\u00c1rbitros: Nahuel Mar\u00edn, Valentina Rodr\u00edguez y Ariel Guzm\u00e1n<br>Comisionado T\u00e9cnico: Ra\u00fal Morro<br>Estadio: \u201cMateo Migliore\u201d, Centenario de Venado Tuerto<\/p>\n\n\n\n<p>El elenco rosarino cerr\u00f3 el certamen de manera invicta. En la fase de grupos fue primero tras vencer a Noroeste 98 a 44 y a Rafaelina 83 a 49, asegurando el liderazgo de la Zona A.<\/p>\n\n\n\n<p>En semifinales super\u00f3 a Santafesina por 75 a 70 y se meti\u00f3 en la definici\u00f3n, donde volvi\u00f3 a marcar diferencias.<\/p>\n\n\n\n<p>De esta manera, la Rosarina ratific\u00f3 el t\u00edtulo conseguido en Sunchales 2025 y reafirm\u00f3 su dominio en la categor\u00eda.<\/p>\n\n\n\n<p><strong>PLANTEL<br>SELECCI\u00d3N ROSARINA (AROB)<\/strong><\/p>\n\n\n\n<p><strong>CUERPO T\u00c9CNICO<\/strong><br>Entrenador : David Dellamora<br>Asistente t\u00e9cnico : Agust\u00edn Garc\u00eda<br>Preparador f\u00edsico : Mat\u00edas Valentino<\/p>\n\n\n\n<p><strong>PLANTEL<br>Jugadoras<\/strong><br>1-Ema Hern\u00e1ndez (Temperley)<br>2-Emma G\u00f3mez (Paganini Alumni)<br>3-Lourdes Morosin (Paganini Alumni)<br>4-Victoria Rivili (Paganini Alumni)<br>5-Paulina Cabral (Paganini Alumni)<br>6-Clara Esp\u00edndola (Regatas San Nicol\u00e1s)<br>7-Valentina Castillo (N\u00e1utico)<br>8-Julieta Escobar (N\u00e1utico)<br>9-Miranda Toledo (N\u00e1utico)<br>10-Lupe Dinsmann (Talleres RPB)<br>11-Morena Nigro (Talleres RPB)<br>12-Lara Duflos (Ben Hur)<\/p>\n\n\n\n<figure class=\"wp-block-image size-large is-resized\"><img loading=\"lazy\" decoding=\"async\" width=\"768\" height=\"1024\" src=\"https:\/\/fbpsantafe.com.ar\/wp-content\/uploads\/2026\/04\/WhatsApp-Image-2026-04-26-at-19.55.59-1-768x1024.jpeg\" alt=\"\" class=\"wp-image-370\" style=\"width:840px;height:auto\" srcset=\"https:\/\/fbpsantafe.com.ar\/wp-content\/uploads\/2026\/04\/WhatsApp-Image-2026-04-26-at-19.55.59-1-768x1024.jpeg 768w, https:\/\/fbpsantafe.com.ar\/wp-content\/uploads\/2026\/04\/WhatsApp-Image-2026-04-26-at-19.55.59-1-225x300.jpeg 225w, https:\/\/fbpsantafe.com.ar\/wp-content\/uploads\/2026\/04\/WhatsApp-Image-2026-04-26-at-19.55.59-1.jpeg 960w\" sizes=\"auto, (max-width: 768px) 100vw, 768px\" \/><figcaption class=\"wp-element-caption\">Segundo puesto para la Selecci\u00f3n Rafaelina de B\u00e1squetbol<\/figcaption><\/figure>\n\n\n\n<p><strong>POSICIONES FINALES<\/strong><br>1\u00b0 &#8211; ASOCIACI\u00d3N ROSARINA<br>2\u00b0 &#8211; ASOCIACI\u00d3N RAFAELINA<br>3\u00b0 &#8211; ASOCIACI\u00d3N SANTAFESINA<br>4\u00b0 &#8211; ASOCIACI\u00d3N CA\u00d1ADENSE<br>5\u00b0 &#8211; ASOCIACI\u00d3N NOROESTE SANTAFESINO<br>6\u00b0 &#8211; ASOCIACI\u00d3N VENADENSE<\/p>\n\n\n\n<figure class=\"wp-block-gallery has-nested-images columns-4 is-cropped wp-block-gallery-1 is-layout-flex wp-block-gallery-is-layout-flex\">\n<figure class=\"wp-block-image size-full\"><img loading=\"lazy\" decoding=\"async\" width=\"960\" height=\"1280\" data-id=\"369\" src=\"https:\/\/fbpsantafe.com.ar\/wp-content\/uploads\/2026\/04\/WhatsApp-Image-2026-04-26-at-19.55.59-2.jpeg\" alt=\"\" class=\"wp-image-369\" srcset=\"https:\/\/fbpsantafe.com.ar\/wp-content\/uploads\/2026\/04\/WhatsApp-Image-2026-04-26-at-19.55.59-2.jpeg 960w, https:\/\/fbpsantafe.com.ar\/wp-content\/uploads\/2026\/04\/WhatsApp-Image-2026-04-26-at-19.55.59-2-225x300.jpeg 225w, https:\/\/fbpsantafe.com.ar\/wp-content\/uploads\/2026\/04\/WhatsApp-Image-2026-04-26-at-19.55.59-2-768x1024.jpeg 768w\" sizes=\"auto, (max-width: 960px) 100vw, 960px\" \/><\/figure>\n\n\n\n<figure class=\"wp-block-image size-full\"><img loading=\"lazy\" decoding=\"async\" width=\"960\" height=\"1280\" data-id=\"368\" src=\"https:\/\/fbpsantafe.com.ar\/wp-content\/uploads\/2026\/04\/WhatsApp-Image-2026-04-26-at-19.55.59-3.jpeg\" alt=\"\" class=\"wp-image-368\" srcset=\"https:\/\/fbpsantafe.com.ar\/wp-content\/uploads\/2026\/04\/WhatsApp-Image-2026-04-26-at-19.55.59-3.jpeg 960w, https:\/\/fbpsantafe.com.ar\/wp-content\/uploads\/2026\/04\/WhatsApp-Image-2026-04-26-at-19.55.59-3-225x300.jpeg 225w, https:\/\/fbpsantafe.com.ar\/wp-content\/uploads\/2026\/04\/WhatsApp-Image-2026-04-26-at-19.55.59-3-768x1024.jpeg 768w\" sizes=\"auto, (max-width: 960px) 100vw, 960px\" \/><\/figure>\n\n\n\n<figure class=\"wp-block-image size-full\"><img loading=\"lazy\" decoding=\"async\" width=\"960\" height=\"1280\" data-id=\"367\" src=\"https:\/\/fbpsantafe.com.ar\/wp-content\/uploads\/2026\/04\/WhatsApp-Image-2026-04-26-at-19.56.00.jpeg\" alt=\"\" class=\"wp-image-367\" srcset=\"https:\/\/fbpsantafe.com.ar\/wp-content\/uploads\/2026\/04\/WhatsApp-Image-2026-04-26-at-19.56.00.jpeg 960w, https:\/\/fbpsantafe.com.ar\/wp-content\/uploads\/2026\/04\/WhatsApp-Image-2026-04-26-at-19.56.00-225x300.jpeg 225w, https:\/\/fbpsantafe.com.ar\/wp-content\/uploads\/2026\/04\/WhatsApp-Image-2026-04-26-at-19.56.00-768x1024.jpeg 768w\" sizes=\"auto, (max-width: 960px) 100vw, 960px\" \/><\/figure>\n\n\n\n<figure class=\"wp-block-image size-full\"><img loading=\"lazy\" decoding=\"async\" width=\"960\" height=\"1280\" data-id=\"366\" src=\"https:\/\/fbpsantafe.com.ar\/wp-content\/uploads\/2026\/04\/WhatsApp-Image-2026-04-26-at-19.56.01.jpeg\" alt=\"\" class=\"wp-image-366\" srcset=\"https:\/\/fbpsantafe.com.ar\/wp-content\/uploads\/2026\/04\/WhatsApp-Image-2026-04-26-at-19.56.01.jpeg 960w, https:\/\/fbpsantafe.com.ar\/wp-content\/uploads\/2026\/04\/WhatsApp-Image-2026-04-26-at-19.56.01-225x300.jpeg 225w, https:\/\/fbpsantafe.com.ar\/wp-content\/uploads\/2026\/04\/WhatsApp-Image-2026-04-26-at-19.56.01-768x1024.jpeg 768w\" sizes=\"auto, (max-width: 960px) 100vw, 960px\" \/><\/figure>\n<\/figure>\n\n\n\n<hr class=\"wp-block-separator has-alpha-channel-opacity\"\/>\n\n\n\n<figure class=\"wp-block-image size-large is-resized\"><img loading=\"lazy\" decoding=\"async\" width=\"768\" height=\"1024\" src=\"https:\/\/fbpsantafe.com.ar\/wp-content\/uploads\/2026\/04\/WhatsApp-Image-2026-04-26-at-19.55.58-768x1024.jpeg\" alt=\"\" class=\"wp-image-371\" style=\"width:840px;height:auto\" srcset=\"https:\/\/fbpsantafe.com.ar\/wp-content\/uploads\/2026\/04\/WhatsApp-Image-2026-04-26-at-19.55.58-768x1024.jpeg 768w, https:\/\/fbpsantafe.com.ar\/wp-content\/uploads\/2026\/04\/WhatsApp-Image-2026-04-26-at-19.55.58-225x300.jpeg 225w, https:\/\/fbpsantafe.com.ar\/wp-content\/uploads\/2026\/04\/WhatsApp-Image-2026-04-26-at-19.55.58.jpeg 960w\" sizes=\"auto, (max-width: 768px) 100vw, 768px\" \/><\/figure>\n\n\n\n<figure class=\"wp-block-image size-large is-resized\"><img loading=\"lazy\" decoding=\"async\" width=\"768\" height=\"1024\" src=\"https:\/\/fbpsantafe.com.ar\/wp-content\/uploads\/2026\/04\/WhatsApp-Image-2026-04-26-at-19.56.02-768x1024.jpeg\" alt=\"\" class=\"wp-image-364\" style=\"width:840px;height:auto\" srcset=\"https:\/\/fbpsantafe.com.ar\/wp-content\/uploads\/2026\/04\/WhatsApp-Image-2026-04-26-at-19.56.02-768x1024.jpeg 768w, https:\/\/fbpsantafe.com.ar\/wp-content\/uploads\/2026\/04\/WhatsApp-Image-2026-04-26-at-19.56.02-225x300.jpeg 225w, https:\/\/fbpsantafe.com.ar\/wp-content\/uploads\/2026\/04\/WhatsApp-Image-2026-04-26-at-19.56.02.jpeg 960w\" sizes=\"auto, (max-width: 768px) 100vw, 768px\" \/><\/figure>\n\n\n\n<figure class=\"wp-block-embed is-type-wp-embed is-provider-federaci-n-de-b-squetbol-de-la-provincia-de-santa-fe wp-block-embed-federaci-n-de-b-squetbol-de-la-provincia-de-santa-fe\"><div class=\"wp-block-embed__wrapper\">\n<blockquote class=\"wp-embedded-content\" data-secret=\"lWUUdPgNM3\"><a href=\"https:\/\/fbpsantafe.com.ar\/?p=355\">La Asociaci\u00f3n Santafesina tercera en el Interasociaciones de Juveniles Femenino<\/a><\/blockquote><iframe loading=\"lazy\" class=\"wp-embedded-content\" sandbox=\"allow-scripts\" security=\"restricted\" style=\"position: absolute; visibility: hidden;\" title=\"\u00abLa Asociaci\u00f3n Santafesina tercera en el Interasociaciones de Juveniles Femenino\u00bb \u2014 Federaci\u00f3n de B\u00e1squetbol de la Provincia de Santa Fe\" src=\"https:\/\/fbpsantafe.com.ar\/?p=355&#038;embed=true#?secret=teTtzXYShJ#?secret=lWUUdPgNM3\" data-secret=\"lWUUdPgNM3\" width=\"600\" height=\"338\" frameborder=\"0\" marginwidth=\"0\" marginheight=\"0\" scrolling=\"no\"><\/iframe>\n<\/div><\/figure>\n","protected":false},"excerpt":{"rendered":"<p>La Selecci\u00f3n Juvenil Femenina de la Asociaci\u00f3n Rosarina se consagr\u00f3 campeona del Provincial Interasociaciones tras superar en la final a la Asociaci\u00f3n Rafaelina por 76 a 42. Las rosarinas construyeron el triunfo desde el segundo cuarto en adelante, luego de un inicio favorable para su rival, y terminaron imponiendo condiciones con claridad. ASOCIACI\u00d3N ROSARINA (76)Julieta [&hellip;]<\/p>\n","protected":false},"author":1,"featured_media":372,"comment_status":"open","ping_status":"open","sticky":false,"template":"","format":"standard","meta":{"pagelayer_contact_templates":[],"_pagelayer_content":"","footnotes":""},"categories":[11],"tags":[8,10,22,21],"class_list":["post-362","post","type-post","status-publish","format-standard","has-post-thumbnail","hentry","category-interasociaciones","tag-femenino","tag-juveniles","tag-rafaelina","tag-rosarina"],"_links":{"self":[{"href":"https:\/\/fbpsantafe.com.ar\/index.php?rest_route=\/wp\/v2\/posts\/362","targetHints":{"allow":["GET"]}}],"collection":[{"href":"https:\/\/fbpsantafe.com.ar\/index.php?rest_route=\/wp\/v2\/posts"}],"about":[{"href":"https:\/\/fbpsantafe.com.ar\/index.php?rest_route=\/wp\/v2\/types\/post"}],"author":[{"embeddable":true,"href":"https:\/\/fbpsantafe.com.ar\/index.php?rest_route=\/wp\/v2\/users\/1"}],"replies":[{"embeddable":true,"href":"https:\/\/fbpsantafe.com.ar\/index.php?rest_route=%2Fwp%2Fv2%2Fcomments&post=362"}],"version-history":[{"count":5,"href":"https:\/\/fbpsantafe.com.ar\/index.php?rest_route=\/wp\/v2\/posts\/362\/revisions"}],"predecessor-version":[{"id":377,"href":"https:\/\/fbpsantafe.com.ar\/index.php?rest_route=\/wp\/v2\/posts\/362\/revisions\/377"}],"wp:featuredmedia":[{"embeddable":true,"href":"https:\/\/fbpsantafe.com.ar\/index.php?rest_route=\/wp\/v2\/media\/372"}],"wp:attachment":[{"href":"https:\/\/fbpsantafe.com.ar\/index.php?rest_route=%2Fwp%2Fv2%2Fmedia&parent=362"}],"wp:term":[{"taxonomy":"category","embeddable":true,"href":"https:\/\/fbpsantafe.com.ar\/index.php?rest_route=%2Fwp%2Fv2%2Fcategories&post=362"},{"taxonomy":"post_tag","embeddable":true,"href":"https:\/\/fbpsantafe.com.ar\/index.php?rest_route=%2Fwp%2Fv2%2Ftags&post=362"}],"curies":[{"name":"wp","href":"https:\/\/api.w.org\/{rel}","templated":true}]}}