{"id":387,"date":"2026-04-28T23:14:11","date_gmt":"2026-04-29T02:14:11","guid":{"rendered":"https:\/\/fbpsantafe.com.ar\/?p=387"},"modified":"2026-04-29T12:20:52","modified_gmt":"2026-04-29T15:20:52","slug":"desde-este-viernes-marcos-juarez-sera-el-epicentro-del-basquet-juvenil","status":"publish","type":"post","link":"https:\/\/fbpsantafe.com.ar\/?p=387","title":{"rendered":"Desde este viernes Marcos Ju\u00e1rez ser\u00e1 el epicentro del b\u00e1squet juvenil"},"content":{"rendered":"\n<p><strong>La Federaci\u00f3n de B\u00e1squetbol de la Provincia de Santa Fe inicia la temporada de competencia con una nueva edici\u00f3n del Campeonato Provincial Interasociaciones Juveniles (U17) Masculino, que se disputar\u00e1 del 1 al 3 de Mayo en la ciudad de Marcos Ju\u00e1rez<\/strong><\/p>\n\n\n\n<p>El certamen contar\u00e1 con la organizaci\u00f3n de la Asociaci\u00f3n Ca\u00f1adense de B\u00e1squetbol y tendr\u00e1 como escenarios al Club San Mart\u00edn, sede principal, y al Club Argentino como subsede.<\/p>\n\n\n\n<p>Participar\u00e1n ocho seleccionados representativos de las asociaciones de la provincia:&nbsp;<strong>Ca\u00f1adense, Noroeste, Rafaelina, Rosarina, Santafesina, Venadense, Oeste y Reconquistense<\/strong>&nbsp;en una competencia que reunir\u00e1 a los mejores talentos formativos del b\u00e1squet femenino santafesino.<\/p>\n\n\n\n<p>La fase inicial se jugar\u00e1 bajo el formato de zonas.<\/p>\n\n\n\n<p><strong>En la Zona A competir\u00e1n Rosarina, Oeste, Rafaelina y Reconquistense, mientras que en la Zona B lo har\u00e1n Santafesina, Ca\u00f1adense, Venadense y Noroeste.<\/strong><\/p>\n\n\n\n<p>La actividad comenzar\u00e1 el viernes 1 con la recepci\u00f3n de las delegaciones, y el acto inaugural previsto para la tarde en el estadio \u00abLeonardo Gutierrez\u00bb de San Mart\u00edn, mientras que el s\u00e1bado 2 se disputar\u00e1 la etapa clasificatoria en ambas sedes.<\/p>\n\n\n\n<p>El domingo 3 se jugar\u00e1n las instancias decisivas, con semifinales por la ma\u00f1ana y la definici\u00f3n de posiciones por la tarde, incluyendo la gran final programada para las 19.15 horas en el estadio \u00abLeonardo Gutierrez\u00bb<\/p>\n\n\n<div class=\"wp-block-image\">\n<figure class=\"aligncenter size-large is-resized\"><img loading=\"lazy\" decoding=\"async\" width=\"819\" height=\"1024\" src=\"https:\/\/fbpsantafe.com.ar\/wp-content\/uploads\/2026\/04\/JUVENILES-MASCULINO-1-819x1024.png\" alt=\"\" class=\"wp-image-388\" style=\"aspect-ratio:0.7998095691502023;width:840px;height:auto\" srcset=\"https:\/\/fbpsantafe.com.ar\/wp-content\/uploads\/2026\/04\/JUVENILES-MASCULINO-1-819x1024.png 819w, https:\/\/fbpsantafe.com.ar\/wp-content\/uploads\/2026\/04\/JUVENILES-MASCULINO-1-240x300.png 240w, https:\/\/fbpsantafe.com.ar\/wp-content\/uploads\/2026\/04\/JUVENILES-MASCULINO-1-768x960.png 768w, https:\/\/fbpsantafe.com.ar\/wp-content\/uploads\/2026\/04\/JUVENILES-MASCULINO-1.png 1080w\" sizes=\"auto, (max-width: 819px) 100vw, 819px\" \/><\/figure>\n<\/div>\n\n\n<figure class=\"wp-block-gallery has-nested-images columns-default is-cropped wp-block-gallery-1 is-layout-flex wp-block-gallery-is-layout-flex\">\n<figure class=\"wp-block-image size-full\"><img loading=\"lazy\" decoding=\"async\" width=\"1080\" height=\"1350\" data-id=\"389\" src=\"https:\/\/fbpsantafe.com.ar\/wp-content\/uploads\/2026\/04\/JUVENILES-MASCULINO-2.png\" alt=\"\" class=\"wp-image-389\" srcset=\"https:\/\/fbpsantafe.com.ar\/wp-content\/uploads\/2026\/04\/JUVENILES-MASCULINO-2.png 1080w, https:\/\/fbpsantafe.com.ar\/wp-content\/uploads\/2026\/04\/JUVENILES-MASCULINO-2-240x300.png 240w, https:\/\/fbpsantafe.com.ar\/wp-content\/uploads\/2026\/04\/JUVENILES-MASCULINO-2-819x1024.png 819w, https:\/\/fbpsantafe.com.ar\/wp-content\/uploads\/2026\/04\/JUVENILES-MASCULINO-2-768x960.png 768w\" sizes=\"auto, (max-width: 1080px) 100vw, 1080px\" \/><\/figure>\n\n\n\n<figure class=\"wp-block-image size-full\"><img loading=\"lazy\" decoding=\"async\" width=\"1080\" height=\"1350\" data-id=\"390\" src=\"https:\/\/fbpsantafe.com.ar\/wp-content\/uploads\/2026\/04\/JUVENILES-MASCULINO-3.png\" alt=\"\" class=\"wp-image-390\" srcset=\"https:\/\/fbpsantafe.com.ar\/wp-content\/uploads\/2026\/04\/JUVENILES-MASCULINO-3.png 1080w, https:\/\/fbpsantafe.com.ar\/wp-content\/uploads\/2026\/04\/JUVENILES-MASCULINO-3-240x300.png 240w, https:\/\/fbpsantafe.com.ar\/wp-content\/uploads\/2026\/04\/JUVENILES-MASCULINO-3-819x1024.png 819w, https:\/\/fbpsantafe.com.ar\/wp-content\/uploads\/2026\/04\/JUVENILES-MASCULINO-3-768x960.png 768w\" sizes=\"auto, (max-width: 1080px) 100vw, 1080px\" \/><\/figure>\n<\/figure>\n\n\n\n<div data-wp-interactive=\"core\/file\" class=\"wp-block-file\"><object data-wp-bind--hidden=\"!state.hasPdfPreview\" hidden class=\"wp-block-file__embed\" data=\"https:\/\/fbpsantafe.com.ar\/wp-content\/uploads\/2026\/04\/PROGRAMA-OFICIAL-INTERASOCIACIONES-JUVENILES-U17-MASCULINO.pdf\" type=\"application\/pdf\" style=\"width:100%;height:600px\" aria-label=\"Incrustado de PROGRAMA OFICIAL INTERASOCIACIONES JUVENILES U17 MASCULINO.\"><\/object><a id=\"wp-block-file--media-ced5de00-c045-46ea-a9a8-0ba6c7ae8143\" href=\"https:\/\/fbpsantafe.com.ar\/wp-content\/uploads\/2026\/04\/PROGRAMA-OFICIAL-INTERASOCIACIONES-JUVENILES-U17-MASCULINO.pdf\">PROGRAMA OFICIAL INTERASOCIACIONES JUVENILES U17 MASCULINO<\/a><a href=\"https:\/\/fbpsantafe.com.ar\/wp-content\/uploads\/2026\/04\/PROGRAMA-OFICIAL-INTERASOCIACIONES-JUVENILES-U17-MASCULINO.pdf\" class=\"wp-block-file__button wp-element-button\" download aria-describedby=\"wp-block-file--media-ced5de00-c045-46ea-a9a8-0ba6c7ae8143\">Descarga<\/a><\/div>\n","protected":false},"excerpt":{"rendered":"<p>La Federaci\u00f3n de B\u00e1squetbol de la Provincia de Santa Fe inicia la temporada de competencia con una nueva edici\u00f3n del Campeonato Provincial Interasociaciones Juveniles (U17) Masculino, que se disputar\u00e1 del 1 al 3 de Mayo en la ciudad de Marcos Ju\u00e1rez El certamen contar\u00e1 con la organizaci\u00f3n de la Asociaci\u00f3n Ca\u00f1adense de B\u00e1squetbol y tendr\u00e1 [&hellip;]<\/p>\n","protected":false},"author":1,"featured_media":123,"comment_status":"open","ping_status":"open","sticky":false,"template":"","format":"standard","meta":{"pagelayer_contact_templates":[],"_pagelayer_content":"","footnotes":""},"categories":[11],"tags":[10,9],"class_list":["post-387","post","type-post","status-publish","format-standard","has-post-thumbnail","hentry","category-interasociaciones","tag-juveniles","tag-masculino"],"_links":{"self":[{"href":"https:\/\/fbpsantafe.com.ar\/index.php?rest_route=\/wp\/v2\/posts\/387","targetHints":{"allow":["GET"]}}],"collection":[{"href":"https:\/\/fbpsantafe.com.ar\/index.php?rest_route=\/wp\/v2\/posts"}],"about":[{"href":"https:\/\/fbpsantafe.com.ar\/index.php?rest_route=\/wp\/v2\/types\/post"}],"author":[{"embeddable":true,"href":"https:\/\/fbpsantafe.com.ar\/index.php?rest_route=\/wp\/v2\/users\/1"}],"replies":[{"embeddable":true,"href":"https:\/\/fbpsantafe.com.ar\/index.php?rest_route=%2Fwp%2Fv2%2Fcomments&post=387"}],"version-history":[{"count":4,"href":"https:\/\/fbpsantafe.com.ar\/index.php?rest_route=\/wp\/v2\/posts\/387\/revisions"}],"predecessor-version":[{"id":396,"href":"https:\/\/fbpsantafe.com.ar\/index.php?rest_route=\/wp\/v2\/posts\/387\/revisions\/396"}],"wp:featuredmedia":[{"embeddable":true,"href":"https:\/\/fbpsantafe.com.ar\/index.php?rest_route=\/wp\/v2\/media\/123"}],"wp:attachment":[{"href":"https:\/\/fbpsantafe.com.ar\/index.php?rest_route=%2Fwp%2Fv2%2Fmedia&parent=387"}],"wp:term":[{"taxonomy":"category","embeddable":true,"href":"https:\/\/fbpsantafe.com.ar\/index.php?rest_route=%2Fwp%2Fv2%2Fcategories&post=387"},{"taxonomy":"post_tag","embeddable":true,"href":"https:\/\/fbpsantafe.com.ar\/index.php?rest_route=%2Fwp%2Fv2%2Ftags&post=387"}],"curies":[{"name":"wp","href":"https:\/\/api.w.org\/{rel}","templated":true}]}}